{"id":27,"date":"2021-01-06T13:35:52","date_gmt":"2021-01-06T13:35:52","guid":{"rendered":"http:\/\/vivemosnumasociedade.davidfrancisco.net\/?p=27"},"modified":"2022-04-01T09:32:54","modified_gmt":"2022-04-01T09:32:54","slug":"vivemos-numa-sociedade-ep-5-o-observador-diz-que-qanhei-mae","status":"publish","type":"post","link":"http:\/\/vivemosnumasociedade.davidfrancisco.net\/?p=27","title":{"rendered":"Vivemos Numa Sociedade \u2013 Ep. 5 \u2013 \u201cO Observador Diz Que Ganhei, M\u00e3e\u201d"},"content":{"rendered":"\n<figure class=\"wp-block-image size-large\"><img loading=\"lazy\" decoding=\"async\" width=\"1024\" height=\"576\" src=\"http:\/\/vivemosnumasociedade.davidfrancisco.net\/wp-content\/uploads\/2021\/01\/video-card-title-VNS-5-1024x576.png\" alt=\"\" class=\"wp-image-29\" srcset=\"http:\/\/vivemosnumasociedade.davidfrancisco.net\/wp-content\/uploads\/2021\/01\/video-card-title-VNS-5-1024x576.png 1024w, http:\/\/vivemosnumasociedade.davidfrancisco.net\/wp-content\/uploads\/2021\/01\/video-card-title-VNS-5-300x169.png 300w, http:\/\/vivemosnumasociedade.davidfrancisco.net\/wp-content\/uploads\/2021\/01\/video-card-title-VNS-5-768x432.png 768w, http:\/\/vivemosnumasociedade.davidfrancisco.net\/wp-content\/uploads\/2021\/01\/video-card-title-VNS-5-1536x864.png 1536w, http:\/\/vivemosnumasociedade.davidfrancisco.net\/wp-content\/uploads\/2021\/01\/video-card-title-VNS-5-1200x675.png 1200w, http:\/\/vivemosnumasociedade.davidfrancisco.net\/wp-content\/uploads\/2021\/01\/video-card-title-VNS-5.png 1920w\" sizes=\"auto, (max-width: 1024px) 100vw, 1024px\" \/><\/figure>\n\n\n\n<p>A <a href=\"http:\/\/twitter.com\/catacumbando\">Catarina<\/a>, o\u00a0<a href=\"http:\/\/twitter.com\/sexogratweeto\">Guilherme<\/a>, o\u00a0<a href=\"http:\/\/twitter.com\/certezamente\">Jo\u00e3o\u00a0<\/a>e\u00a0<a href=\"http:\/\/twitter.com\/ritaeducamassas\">Rita\u00a0<\/a>debatem os debates, a reportagem da SIC sobre a extrema-direita, o caso Van Dunem e as Coreias (a a s\u00e9rio e a outra).<\/p>\n\n\n\n<p>Ilustra\u00e7\u00e3o e edi\u00e7\u00e3o por Guilherme Trindade.<\/p>\n\n\n\n<p id=\"block-dc9341f9-9077-49a7-8663-d0ee07c9bdbf\"><a href=\"https:\/\/twitter.com\/NumaSociedade\">Twitter<\/a><\/p>\n\n\n\n<p id=\"block-e8144613-855a-4377-8661-75561d4dfc5b\"><a href=\"https:\/\/www.youtube.com\/channel\/UCeCmAkBhU1Y-pScEC7ZHWRg\">Youtube<\/a><\/p>\n\n\n\n<p><a href=\"https:\/\/open.spotify.com\/show\/6XH7YtOJLzFBrMQRoLz8xq#_=_\">Spotify<\/a><\/p>\n<div class=\"powerpress_player\" id=\"powerpress_player_4048\"><audio class=\"wp-audio-shortcode\" id=\"audio-27-1\" preload=\"none\" style=\"width: 100%;\" controls=\"controls\"><source type=\"audio\/mpeg\" src=\"https:\/\/davidfrancisco.net\/podcast\/vns\/VNS005.mp3?_=1\" \/><a href=\"https:\/\/davidfrancisco.net\/podcast\/vns\/VNS005.mp3\">https:\/\/davidfrancisco.net\/podcast\/vns\/VNS005.mp3<\/a><\/audio><\/div><p class=\"powerpress_links powerpress_links_mp3\">Podcast: <a href=\"https:\/\/davidfrancisco.net\/podcast\/vns\/VNS005.mp3\" class=\"powerpress_link_pinw\" target=\"_blank\" title=\"Play in new window\" onclick=\"return powerpress_pinw('http:\/\/vivemosnumasociedade.davidfrancisco.net\/?powerpress_pinw=27-podcast');\" rel=\"nofollow\">Play in new window<\/a> | <a href=\"https:\/\/davidfrancisco.net\/podcast\/vns\/VNS005.mp3\" class=\"powerpress_link_d\" title=\"Download\" rel=\"nofollow\" download=\"VNS005.mp3\">Download<\/a><\/p>","protected":false},"excerpt":{"rendered":"<p>A Catarina, o\u00a0Guilherme, o\u00a0Jo\u00e3o\u00a0e\u00a0Rita\u00a0debatem os debates, a reportagem da SIC sobre a extrema-direita, o caso Van Dunem e as Coreias (a a s\u00e9rio e a outra). Ilustra\u00e7\u00e3o e edi\u00e7\u00e3o por Guilherme Trindade. Twitter Youtube Spotify<\/p>\n","protected":false},"author":1,"featured_media":0,"comment_status":"closed","ping_status":"open","sticky":false,"template":"","format":"standard","meta":{"footnotes":""},"categories":[1],"tags":[],"class_list":["post-27","post","type-post","status-publish","format-standard","hentry","category-sem-categoria"],"_links":{"self":[{"href":"http:\/\/vivemosnumasociedade.davidfrancisco.net\/index.php?rest_route=\/wp\/v2\/posts\/27","targetHints":{"allow":["GET"]}}],"collection":[{"href":"http:\/\/vivemosnumasociedade.davidfrancisco.net\/index.php?rest_route=\/wp\/v2\/posts"}],"about":[{"href":"http:\/\/vivemosnumasociedade.davidfrancisco.net\/index.php?rest_route=\/wp\/v2\/types\/post"}],"author":[{"embeddable":true,"href":"http:\/\/vivemosnumasociedade.davidfrancisco.net\/index.php?rest_route=\/wp\/v2\/users\/1"}],"replies":[{"embeddable":true,"href":"http:\/\/vivemosnumasociedade.davidfrancisco.net\/index.php?rest_route=%2Fwp%2Fv2%2Fcomments&post=27"}],"version-history":[{"count":2,"href":"http:\/\/vivemosnumasociedade.davidfrancisco.net\/index.php?rest_route=\/wp\/v2\/posts\/27\/revisions"}],"predecessor-version":[{"id":34,"href":"http:\/\/vivemosnumasociedade.davidfrancisco.net\/index.php?rest_route=\/wp\/v2\/posts\/27\/revisions\/34"}],"wp:attachment":[{"href":"http:\/\/vivemosnumasociedade.davidfrancisco.net\/index.php?rest_route=%2Fwp%2Fv2%2Fmedia&parent=27"}],"wp:term":[{"taxonomy":"category","embeddable":true,"href":"http:\/\/vivemosnumasociedade.davidfrancisco.net\/index.php?rest_route=%2Fwp%2Fv2%2Fcategories&post=27"},{"taxonomy":"post_tag","embeddable":true,"href":"http:\/\/vivemosnumasociedade.davidfrancisco.net\/index.php?rest_route=%2Fwp%2Fv2%2Ftags&post=27"}],"curies":[{"name":"wp","href":"https:\/\/api.w.org\/{rel}","templated":true}]}}