{"id":56,"date":"2021-02-10T17:26:20","date_gmt":"2021-02-10T17:26:20","guid":{"rendered":"http:\/\/vivemosnumasociedade.davidfrancisco.net\/?p=56"},"modified":"2022-04-01T09:32:47","modified_gmt":"2022-04-01T09:32:47","slug":"vivemos-numa-sociedade-ep-11-antes-preso-por-bons-tweets-que-cancelada","status":"publish","type":"post","link":"http:\/\/vivemosnumasociedade.davidfrancisco.net\/?p=56","title":{"rendered":"Vivemos Numa Sociedade &#8211; Ep. 11- Antes Preso Por Bons Tweets Que Cancelada"},"content":{"rendered":"\n<figure class=\"wp-block-image size-large\"><img loading=\"lazy\" decoding=\"async\" width=\"1024\" height=\"576\" src=\"http:\/\/vivemosnumasociedade.davidfrancisco.net\/wp-content\/uploads\/2021\/02\/video-card-title-VNS-11-1024x576.png\" alt=\"\" class=\"wp-image-57\" srcset=\"http:\/\/vivemosnumasociedade.davidfrancisco.net\/wp-content\/uploads\/2021\/02\/video-card-title-VNS-11-1024x576.png 1024w, http:\/\/vivemosnumasociedade.davidfrancisco.net\/wp-content\/uploads\/2021\/02\/video-card-title-VNS-11-300x169.png 300w, http:\/\/vivemosnumasociedade.davidfrancisco.net\/wp-content\/uploads\/2021\/02\/video-card-title-VNS-11-768x432.png 768w, http:\/\/vivemosnumasociedade.davidfrancisco.net\/wp-content\/uploads\/2021\/02\/video-card-title-VNS-11-1536x864.png 1536w, http:\/\/vivemosnumasociedade.davidfrancisco.net\/wp-content\/uploads\/2021\/02\/video-card-title-VNS-11-1200x675.png 1200w, http:\/\/vivemosnumasociedade.davidfrancisco.net\/wp-content\/uploads\/2021\/02\/video-card-title-VNS-11.png 1920w\" sizes=\"auto, (max-width: 1024px) 100vw, 1024px\" \/><\/figure>\n\n\n\n<p>\ud83d\udea8INS\u00d3LITO\ud83d\udea8<\/p>\n\n\n\n<p>PORTUGAL DESCE NO RANKING DA DEMOCRACIA\ud83d\udcc9\ud83d\udcc9<br>A <a href=\"http:\/\/twitter.com\/catacumbando\">Catarina<\/a>, o\u00a0<a href=\"http:\/\/twitter.com\/sexogratweeto\">Guilherme<\/a>, o\u00a0<a href=\"http:\/\/twitter.com\/certezamente\">Jo\u00e3o\u00a0<\/a>e\u00a0<a href=\"http:\/\/twitter.com\/ritaeducamassas\">Rita<\/a> debatem a POL\u00c9MICA em torno de Raquel Cancela\u274ce a JUSTI\u00c7A\u2696\ufe0f para Pablo C\u00e1rcel no primeiro epis\u00f3dio com menos de 50 minutos! \ud83d\ude4c<\/p>\n\n\n\n<p id=\"block-52287f81-a5a2-430f-9adc-9d8e377449de\">Ilustra\u00e7\u00e3o e edi\u00e7\u00e3o por Guilherme Trindade.<\/p>\n\n\n\n<p id=\"block-f611be14-9af3-4e09-ad2f-3f4c5dbcb01f\"><a href=\"https:\/\/twitter.com\/NumaSociedade\">Twitter<\/a><\/p>\n\n\n\n<p id=\"block-1f6a05ec-0814-4947-a36b-ff8904bda608\"><a href=\"https:\/\/www.youtube.com\/channel\/UCeCmAkBhU1Y-pScEC7ZHWRg\">Youtube<\/a><\/p>\n\n\n\n<p id=\"block-4ba905ec-db54-435a-a2b6-0f073dbf7088\"><a href=\"https:\/\/open.spotify.com\/show\/6XH7YtOJLzFBrMQRoLz8xq#_=_\">Spotify<\/a><\/p>\n<div class=\"powerpress_player\" id=\"powerpress_player_7952\"><audio class=\"wp-audio-shortcode\" id=\"audio-56-1\" preload=\"none\" style=\"width: 100%;\" controls=\"controls\"><source type=\"audio\/mpeg\" src=\"http:\/\/davidfrancisco.net\/podcast\/vns\/VNS011.mp3?_=1\" \/><a href=\"http:\/\/davidfrancisco.net\/podcast\/vns\/VNS011.mp3\">http:\/\/davidfrancisco.net\/podcast\/vns\/VNS011.mp3<\/a><\/audio><\/div><p class=\"powerpress_links powerpress_links_mp3\">Podcast: <a href=\"http:\/\/davidfrancisco.net\/podcast\/vns\/VNS011.mp3\" class=\"powerpress_link_pinw\" target=\"_blank\" title=\"Play in new window\" onclick=\"return powerpress_pinw('http:\/\/vivemosnumasociedade.davidfrancisco.net\/?powerpress_pinw=56-podcast');\" rel=\"nofollow\">Play in new window<\/a> | <a href=\"http:\/\/davidfrancisco.net\/podcast\/vns\/VNS011.mp3\" class=\"powerpress_link_d\" title=\"Download\" rel=\"nofollow\" download=\"VNS011.mp3\">Download<\/a><\/p>","protected":false},"excerpt":{"rendered":"<p>\ud83d\udea8INS\u00d3LITO\ud83d\udea8 PORTUGAL DESCE NO RANKING DA DEMOCRACIA\ud83d\udcc9\ud83d\udcc9A Catarina, o\u00a0Guilherme, o\u00a0Jo\u00e3o\u00a0e\u00a0Rita debatem a POL\u00c9MICA em torno de Raquel Cancela\u274ce a JUSTI\u00c7A\u2696\ufe0f para Pablo C\u00e1rcel no primeiro epis\u00f3dio com menos de 50 minutos! \ud83d\ude4c Ilustra\u00e7\u00e3o e edi\u00e7\u00e3o por Guilherme Trindade. Twitter Youtube Spotify<\/p>\n","protected":false},"author":1,"featured_media":0,"comment_status":"closed","ping_status":"open","sticky":false,"template":"","format":"standard","meta":{"footnotes":""},"categories":[1],"tags":[],"class_list":["post-56","post","type-post","status-publish","format-standard","hentry","category-sem-categoria"],"_links":{"self":[{"href":"http:\/\/vivemosnumasociedade.davidfrancisco.net\/index.php?rest_route=\/wp\/v2\/posts\/56","targetHints":{"allow":["GET"]}}],"collection":[{"href":"http:\/\/vivemosnumasociedade.davidfrancisco.net\/index.php?rest_route=\/wp\/v2\/posts"}],"about":[{"href":"http:\/\/vivemosnumasociedade.davidfrancisco.net\/index.php?rest_route=\/wp\/v2\/types\/post"}],"author":[{"embeddable":true,"href":"http:\/\/vivemosnumasociedade.davidfrancisco.net\/index.php?rest_route=\/wp\/v2\/users\/1"}],"replies":[{"embeddable":true,"href":"http:\/\/vivemosnumasociedade.davidfrancisco.net\/index.php?rest_route=%2Fwp%2Fv2%2Fcomments&post=56"}],"version-history":[{"count":1,"href":"http:\/\/vivemosnumasociedade.davidfrancisco.net\/index.php?rest_route=\/wp\/v2\/posts\/56\/revisions"}],"predecessor-version":[{"id":58,"href":"http:\/\/vivemosnumasociedade.davidfrancisco.net\/index.php?rest_route=\/wp\/v2\/posts\/56\/revisions\/58"}],"wp:attachment":[{"href":"http:\/\/vivemosnumasociedade.davidfrancisco.net\/index.php?rest_route=%2Fwp%2Fv2%2Fmedia&parent=56"}],"wp:term":[{"taxonomy":"category","embeddable":true,"href":"http:\/\/vivemosnumasociedade.davidfrancisco.net\/index.php?rest_route=%2Fwp%2Fv2%2Fcategories&post=56"},{"taxonomy":"post_tag","embeddable":true,"href":"http:\/\/vivemosnumasociedade.davidfrancisco.net\/index.php?rest_route=%2Fwp%2Fv2%2Ftags&post=56"}],"curies":[{"name":"wp","href":"https:\/\/api.w.org\/{rel}","templated":true}]}}