{"id":73,"date":"2021-03-11T03:16:34","date_gmt":"2021-03-11T03:16:34","guid":{"rendered":"http:\/\/vivemosnumasociedade.davidfrancisco.net\/?p=73"},"modified":"2022-04-01T09:32:28","modified_gmt":"2022-04-01T09:32:28","slug":"73","status":"publish","type":"post","link":"http:\/\/vivemosnumasociedade.davidfrancisco.net\/?p=73","title":{"rendered":"Vivemos Numa Sociedade &#8211; Ep. 15 &#8211; Entrevista Com Economista Comunista Feminista Antifascista ft. Maria Helena Rato"},"content":{"rendered":"\n<p><\/p>\n\n\n\n<figure class=\"wp-block-image size-large\"><img loading=\"lazy\" decoding=\"async\" width=\"1024\" height=\"576\" src=\"http:\/\/vivemosnumasociedade.davidfrancisco.net\/wp-content\/uploads\/2021\/03\/video-card-title-VNS-15-1024x576.png\" alt=\"\" class=\"wp-image-76\" srcset=\"http:\/\/vivemosnumasociedade.davidfrancisco.net\/wp-content\/uploads\/2021\/03\/video-card-title-VNS-15-1024x576.png 1024w, http:\/\/vivemosnumasociedade.davidfrancisco.net\/wp-content\/uploads\/2021\/03\/video-card-title-VNS-15-300x169.png 300w, http:\/\/vivemosnumasociedade.davidfrancisco.net\/wp-content\/uploads\/2021\/03\/video-card-title-VNS-15-768x432.png 768w, http:\/\/vivemosnumasociedade.davidfrancisco.net\/wp-content\/uploads\/2021\/03\/video-card-title-VNS-15-1536x864.png 1536w, http:\/\/vivemosnumasociedade.davidfrancisco.net\/wp-content\/uploads\/2021\/03\/video-card-title-VNS-15-1200x675.png 1200w, http:\/\/vivemosnumasociedade.davidfrancisco.net\/wp-content\/uploads\/2021\/03\/video-card-title-VNS-15.png 1920w\" sizes=\"auto, (max-width: 1024px) 100vw, 1024px\" \/><\/figure>\n\n\n\n<p id=\"block-f5944326-1501-4243-a382-c349f54d3d4f\">A <a href=\"http:\/\/twitter.com\/catacumbando\">Catarina<\/a>, o&nbsp;<a href=\"http:\/\/twitter.com\/sexogratweeto\">Guilherme<\/a>, o&nbsp;<a href=\"http:\/\/twitter.com\/certezamente\">Jo\u00e3o&nbsp;<\/a>e&nbsp;<a href=\"http:\/\/twitter.com\/ritaeducamassas\">Rita<\/a> esta semana, pela ocasi\u00e3o conjunta da celebra\u00e7\u00e3o do centen\u00e1rio do PCP e do Dia da Mulher, recebem Maria Helena Rato, investigadora e economista, resistente antifascista e militante comunista. Uma conversa longa sobre a sua vida de clandestinidade em Portugal, o ex\u00edlio em Fran\u00e7a e o nascimento dos filhos, a sua estadia na Arg\u00e9lia com a FPLN, e o seu activismo no Brasil ditatorial. Houve tempo tamb\u00e9m para relembrar a luta estudantil dos anos 60, o p\u00f3s-25 de abril e o cavaquismo.<\/p>\n\n\n\n<p id=\"block-99c8699d-c994-453c-b24c-f7465e0bc511\">Ilustra\u00e7\u00e3o e edi\u00e7\u00e3o por <a href=\"https:\/\/www.instagram.com\/guilhotinabd\/\">Guilherme<\/a>.<\/p>\n\n\n\n<p id=\"block-4be55340-a757-4dd9-a7c8-b527b4736d27\"><a href=\"https:\/\/twitter.com\/NumaSociedade\">Twitter<\/a><\/p>\n\n\n\n<p id=\"block-6e19f0d9-c076-4d74-a43f-53b465b0e2ac\"><a href=\"https:\/\/www.youtube.com\/channel\/UCeCmAkBhU1Y-pScEC7ZHWRg\">Youtube<\/a><\/p>\n\n\n\n<p id=\"block-495bd602-50fc-493e-bd5c-10b338b61df4\"><a href=\"https:\/\/open.spotify.com\/show\/6XH7YtOJLzFBrMQRoLz8xq#_=_\">Spotify<\/a><\/p>\n<div class=\"powerpress_player\" id=\"powerpress_player_4290\"><audio class=\"wp-audio-shortcode\" id=\"audio-73-1\" preload=\"none\" style=\"width: 100%;\" controls=\"controls\"><source type=\"audio\/mpeg\" src=\"http:\/\/davidfrancisco.net\/podcast\/vns\/VNS015.mp3?_=1\" \/><a href=\"http:\/\/davidfrancisco.net\/podcast\/vns\/VNS015.mp3\">http:\/\/davidfrancisco.net\/podcast\/vns\/VNS015.mp3<\/a><\/audio><\/div><p class=\"powerpress_links powerpress_links_mp3\">Podcast: <a href=\"http:\/\/davidfrancisco.net\/podcast\/vns\/VNS015.mp3\" class=\"powerpress_link_pinw\" target=\"_blank\" title=\"Play in new window\" onclick=\"return powerpress_pinw('http:\/\/vivemosnumasociedade.davidfrancisco.net\/?powerpress_pinw=73-podcast');\" rel=\"nofollow\">Play in new window<\/a> | <a href=\"http:\/\/davidfrancisco.net\/podcast\/vns\/VNS015.mp3\" class=\"powerpress_link_d\" title=\"Download\" rel=\"nofollow\" download=\"VNS015.mp3\">Download<\/a><\/p>","protected":false},"excerpt":{"rendered":"<p>A Catarina, o&nbsp;Guilherme, o&nbsp;Jo\u00e3o&nbsp;e&nbsp;Rita esta semana, pela ocasi\u00e3o conjunta da celebra\u00e7\u00e3o do centen\u00e1rio do PCP e do Dia da Mulher, recebem Maria Helena Rato, investigadora e economista, resistente antifascista e militante comunista. Uma conversa longa sobre a sua vida de clandestinidade em Portugal, o ex\u00edlio em Fran\u00e7a e o nascimento dos filhos, a sua estadia [&hellip;]<\/p>\n","protected":false},"author":1,"featured_media":0,"comment_status":"closed","ping_status":"open","sticky":false,"template":"","format":"standard","meta":{"footnotes":""},"categories":[1],"tags":[],"class_list":["post-73","post","type-post","status-publish","format-standard","hentry","category-sem-categoria"],"_links":{"self":[{"href":"http:\/\/vivemosnumasociedade.davidfrancisco.net\/index.php?rest_route=\/wp\/v2\/posts\/73","targetHints":{"allow":["GET"]}}],"collection":[{"href":"http:\/\/vivemosnumasociedade.davidfrancisco.net\/index.php?rest_route=\/wp\/v2\/posts"}],"about":[{"href":"http:\/\/vivemosnumasociedade.davidfrancisco.net\/index.php?rest_route=\/wp\/v2\/types\/post"}],"author":[{"embeddable":true,"href":"http:\/\/vivemosnumasociedade.davidfrancisco.net\/index.php?rest_route=\/wp\/v2\/users\/1"}],"replies":[{"embeddable":true,"href":"http:\/\/vivemosnumasociedade.davidfrancisco.net\/index.php?rest_route=%2Fwp%2Fv2%2Fcomments&post=73"}],"version-history":[{"count":4,"href":"http:\/\/vivemosnumasociedade.davidfrancisco.net\/index.php?rest_route=\/wp\/v2\/posts\/73\/revisions"}],"predecessor-version":[{"id":82,"href":"http:\/\/vivemosnumasociedade.davidfrancisco.net\/index.php?rest_route=\/wp\/v2\/posts\/73\/revisions\/82"}],"wp:attachment":[{"href":"http:\/\/vivemosnumasociedade.davidfrancisco.net\/index.php?rest_route=%2Fwp%2Fv2%2Fmedia&parent=73"}],"wp:term":[{"taxonomy":"category","embeddable":true,"href":"http:\/\/vivemosnumasociedade.davidfrancisco.net\/index.php?rest_route=%2Fwp%2Fv2%2Fcategories&post=73"},{"taxonomy":"post_tag","embeddable":true,"href":"http:\/\/vivemosnumasociedade.davidfrancisco.net\/index.php?rest_route=%2Fwp%2Fv2%2Ftags&post=73"}],"curies":[{"name":"wp","href":"https:\/\/api.w.org\/{rel}","templated":true}]}}