{"id":90,"date":"2021-03-31T19:57:23","date_gmt":"2021-03-31T19:57:23","guid":{"rendered":"http:\/\/vivemosnumasociedade.davidfrancisco.net\/?p=90"},"modified":"2022-04-01T09:32:24","modified_gmt":"2022-04-01T09:32:24","slug":"vivemos-numa-sociedade-ep-18-mau-tempo-no-canal","status":"publish","type":"post","link":"http:\/\/vivemosnumasociedade.davidfrancisco.net\/?p=90","title":{"rendered":"Vivemos Numa Sociedade \u2013 Ep. 18 &#8211; Mau Tempo no Canal"},"content":{"rendered":"\n<figure class=\"wp-block-image size-large\"><img loading=\"lazy\" decoding=\"async\" width=\"1024\" height=\"576\" src=\"http:\/\/vivemosnumasociedade.davidfrancisco.net\/wp-content\/uploads\/2021\/03\/Vivemos-Numa-Sociedade-Video-Card-1024x576.png\" alt=\"\" class=\"wp-image-91\" srcset=\"http:\/\/vivemosnumasociedade.davidfrancisco.net\/wp-content\/uploads\/2021\/03\/Vivemos-Numa-Sociedade-Video-Card-1024x576.png 1024w, http:\/\/vivemosnumasociedade.davidfrancisco.net\/wp-content\/uploads\/2021\/03\/Vivemos-Numa-Sociedade-Video-Card-300x169.png 300w, http:\/\/vivemosnumasociedade.davidfrancisco.net\/wp-content\/uploads\/2021\/03\/Vivemos-Numa-Sociedade-Video-Card-768x432.png 768w, http:\/\/vivemosnumasociedade.davidfrancisco.net\/wp-content\/uploads\/2021\/03\/Vivemos-Numa-Sociedade-Video-Card-1536x864.png 1536w, http:\/\/vivemosnumasociedade.davidfrancisco.net\/wp-content\/uploads\/2021\/03\/Vivemos-Numa-Sociedade-Video-Card-1200x675.png 1200w, http:\/\/vivemosnumasociedade.davidfrancisco.net\/wp-content\/uploads\/2021\/03\/Vivemos-Numa-Sociedade-Video-Card.png 1920w\" sizes=\"auto, (max-width: 1024px) 100vw, 1024px\" \/><\/figure>\n\n\n\n<p id=\"block-f5944326-1501-4243-a382-c349f54d3d4f\">A <a href=\"http:\/\/twitter.com\/ritaeducamassas\">Rita<\/a>, o&nbsp;<a href=\"http:\/\/twitter.com\/certezamente\">Jo\u00e3o<\/a> e o &nbsp;<a href=\"http:\/\/twitter.com\/sexogratweeto\">Guilherme<\/a><a href=\"http:\/\/twitter.com\/certezamente\"> <\/a>navegam os t\u00f3picos do Suez, das aut\u00e1rquicas, das camisolas poveiras e do regresso do Lula (entre outros) num epis\u00f3dio que ser\u00e1 vendido a 700\u20ac por uma designer americana.<\/p>\n\n\n\n<p id=\"block-99c8699d-c994-453c-b24c-f7465e0bc511\">Ilustra\u00e7\u00e3o e edi\u00e7\u00e3o por&nbsp;<a href=\"https:\/\/www.instagram.com\/guilhotinabd\/\">Guilherme<\/a>. O Guilherme gravou este epis\u00f3dio do fundo de uma caverna e por isso ser\u00e1 disciplinado no epis\u00f3dio seguinte.<\/p>\n\n\n\n<p id=\"block-4be55340-a757-4dd9-a7c8-b527b4736d27\"><a href=\"https:\/\/twitter.com\/NumaSociedade\">Twitter<\/a><\/p>\n\n\n\n<p id=\"block-6e19f0d9-c076-4d74-a43f-53b465b0e2ac\"><a href=\"https:\/\/www.youtube.com\/channel\/UCeCmAkBhU1Y-pScEC7ZHWRg\">Youtube<\/a><\/p>\n\n\n\n<p id=\"block-495bd602-50fc-493e-bd5c-10b338b61df4\"><a href=\"https:\/\/open.spotify.com\/show\/6XH7YtOJLzFBrMQRoLz8xq#_=_\">Spotify<\/a><\/p>\n<div class=\"powerpress_player\" id=\"powerpress_player_123\"><audio class=\"wp-audio-shortcode\" id=\"audio-90-1\" preload=\"none\" style=\"width: 100%;\" controls=\"controls\"><source type=\"audio\/mpeg\" src=\"http:\/\/davidfrancisco.net\/podcast\/vns\/VNS018.mp3?_=1\" \/><a href=\"http:\/\/davidfrancisco.net\/podcast\/vns\/VNS018.mp3\">http:\/\/davidfrancisco.net\/podcast\/vns\/VNS018.mp3<\/a><\/audio><\/div><p class=\"powerpress_links powerpress_links_mp3\">Podcast: <a href=\"http:\/\/davidfrancisco.net\/podcast\/vns\/VNS018.mp3\" class=\"powerpress_link_pinw\" target=\"_blank\" title=\"Play in new window\" onclick=\"return powerpress_pinw('http:\/\/vivemosnumasociedade.davidfrancisco.net\/?powerpress_pinw=90-podcast');\" rel=\"nofollow\">Play in new window<\/a> | <a href=\"http:\/\/davidfrancisco.net\/podcast\/vns\/VNS018.mp3\" class=\"powerpress_link_d\" title=\"Download\" rel=\"nofollow\" download=\"VNS018.mp3\">Download<\/a><\/p>","protected":false},"excerpt":{"rendered":"<p>A Rita, o&nbsp;Jo\u00e3o e o &nbsp;Guilherme navegam os t\u00f3picos do Suez, das aut\u00e1rquicas, das camisolas poveiras e do regresso do Lula (entre outros) num epis\u00f3dio que ser\u00e1 vendido a 700\u20ac por uma designer americana. Ilustra\u00e7\u00e3o e edi\u00e7\u00e3o por&nbsp;Guilherme. O Guilherme gravou este epis\u00f3dio do fundo de uma caverna e por isso ser\u00e1 disciplinado no epis\u00f3dio [&hellip;]<\/p>\n","protected":false},"author":1,"featured_media":0,"comment_status":"closed","ping_status":"open","sticky":false,"template":"","format":"standard","meta":{"footnotes":""},"categories":[1],"tags":[],"class_list":["post-90","post","type-post","status-publish","format-standard","hentry","category-sem-categoria"],"_links":{"self":[{"href":"http:\/\/vivemosnumasociedade.davidfrancisco.net\/index.php?rest_route=\/wp\/v2\/posts\/90","targetHints":{"allow":["GET"]}}],"collection":[{"href":"http:\/\/vivemosnumasociedade.davidfrancisco.net\/index.php?rest_route=\/wp\/v2\/posts"}],"about":[{"href":"http:\/\/vivemosnumasociedade.davidfrancisco.net\/index.php?rest_route=\/wp\/v2\/types\/post"}],"author":[{"embeddable":true,"href":"http:\/\/vivemosnumasociedade.davidfrancisco.net\/index.php?rest_route=\/wp\/v2\/users\/1"}],"replies":[{"embeddable":true,"href":"http:\/\/vivemosnumasociedade.davidfrancisco.net\/index.php?rest_route=%2Fwp%2Fv2%2Fcomments&post=90"}],"version-history":[{"count":2,"href":"http:\/\/vivemosnumasociedade.davidfrancisco.net\/index.php?rest_route=\/wp\/v2\/posts\/90\/revisions"}],"predecessor-version":[{"id":93,"href":"http:\/\/vivemosnumasociedade.davidfrancisco.net\/index.php?rest_route=\/wp\/v2\/posts\/90\/revisions\/93"}],"wp:attachment":[{"href":"http:\/\/vivemosnumasociedade.davidfrancisco.net\/index.php?rest_route=%2Fwp%2Fv2%2Fmedia&parent=90"}],"wp:term":[{"taxonomy":"category","embeddable":true,"href":"http:\/\/vivemosnumasociedade.davidfrancisco.net\/index.php?rest_route=%2Fwp%2Fv2%2Fcategories&post=90"},{"taxonomy":"post_tag","embeddable":true,"href":"http:\/\/vivemosnumasociedade.davidfrancisco.net\/index.php?rest_route=%2Fwp%2Fv2%2Ftags&post=90"}],"curies":[{"name":"wp","href":"https:\/\/api.w.org\/{rel}","templated":true}]}}